{"id":7923,"date":"2022-12-16T11:10:27","date_gmt":"2022-12-16T10:10:27","guid":{"rendered":"https:\/\/rheumazentrum-mittelhessen.de\/suesse-brataepfel-mit-mandel-fuellung-und-vanillesosse-copy\/"},"modified":"2024-01-09T14:49:54","modified_gmt":"2024-01-09T13:49:54","slug":"weihnachtsgruesse-2022","status":"publish","type":"post","link":"https:\/\/rheumazentrum-mittelhessen.de\/el_el\/weihnachtsgruesse-2022\/","title":{"rendered":"Weihnachtsgr\u00fc\u00dfe vom Rheumazentrum Mittelhessen"},"content":{"rendered":"<p style=\"text-align: center;\"><em>\u00bbIn der Natur ist alles mit allem verbunden,<\/em><\/p>\n<p style=\"text-align: center;\"><em>alles durchkreuzt sich, alles wechselt mit allem,<\/em><\/p>\n<p style=\"text-align: center;\"><em>alles ver\u00e4ndert sich eines in das andere.\u00ab<\/em><\/p>\n<p style=\"text-align: center;\">Gotthold Ephraim Lessing<\/p>\n<p style=\"text-align: center;\"><strong><em>\u00a0<\/em><\/strong><\/p>\n<p>&nbsp;<\/p>\n<p style=\"text-align: center;\">In diesem Jahr wurden wir daran erinnert,<\/p>\n<p style=\"text-align: center;\">wie Vorkommnisse an einem Ort die ganze Welt ver\u00e4ndern k\u00f6nnen.<\/p>\n<p style=\"text-align: center;\">Jede Handlung schl\u00e4gt ihre Wellen.<\/p>\n<p style=\"text-align: center;\">Umso wichtiger ist ein empathisches und solidarisches Miteinander,<\/p>\n<p style=\"text-align: center;\">das eine positive Wirkung in unserem Umfeld und in der Welt entfaltet.<\/p>\n<p>&nbsp;<\/p>\n<p style=\"text-align: center;\">Wir bedanken uns ganz herzlich bei unseren Mitarbeiter*innen,<\/p>\n<p style=\"text-align: center;\">bei unseren Patient*innen und bei unseren Kooperationspartnern<\/p>\n<p style=\"text-align: center;\">f\u00fcr das gemeinschaftliche Miteinander,<\/p>\n<p style=\"text-align: center;\">f\u00fcr den Einsatz, die Unterst\u00fctzung und das Vertrauen.<\/p>\n<p>&nbsp;<\/p>\n<p style=\"text-align: center;\">Das Rheumazentrum Mittelhessen w\u00fcnscht Ihnen allen<\/p>\n<p style=\"text-align: center;\">sch\u00f6ne und besinnliche Feiertage<\/p>\n<p style=\"text-align: center;\">und einen guten Start in ein neues Jahr 2023.<\/p>\n<p>&nbsp;<\/p>\n<p style=\"text-align: center;\">Ihr Rheumazentrum Mittelhessen<\/p>","protected":false},"excerpt":{"rendered":"<p>In diesem Jahr wurden wir daran erinnert, wie Vorkommnisse an einem Ort die ganze Welt ver\u00e4ndern k\u00f6nnen. Hier geht&#8217;s zu unseren diesj\u00e4hrigen Weihnachtsgr\u00fc\u00dfen.<\/p>","protected":false},"author":7,"featured_media":7925,"comment_status":"closed","ping_status":"closed","sticky":false,"template":"","format":"standard","meta":{"_acf_changed":false,"footnotes":""},"categories":[2201,2200],"tags":[],"class_list":["post-7923","post","type-post","status-publish","format-standard","has-post-thumbnail","hentry","category-aktuelles","category-rheumazentrum-mittelhessen"],"acf":[],"_links":{"self":[{"href":"https:\/\/rheumazentrum-mittelhessen.de\/el_el\/wp-json\/wp\/v2\/posts\/7923","targetHints":{"allow":["GET"]}}],"collection":[{"href":"https:\/\/rheumazentrum-mittelhessen.de\/el_el\/wp-json\/wp\/v2\/posts"}],"about":[{"href":"https:\/\/rheumazentrum-mittelhessen.de\/el_el\/wp-json\/wp\/v2\/types\/post"}],"author":[{"embeddable":true,"href":"https:\/\/rheumazentrum-mittelhessen.de\/el_el\/wp-json\/wp\/v2\/users\/7"}],"replies":[{"embeddable":true,"href":"https:\/\/rheumazentrum-mittelhessen.de\/el_el\/wp-json\/wp\/v2\/comments?post=7923"}],"version-history":[{"count":4,"href":"https:\/\/rheumazentrum-mittelhessen.de\/el_el\/wp-json\/wp\/v2\/posts\/7923\/revisions"}],"predecessor-version":[{"id":9856,"href":"https:\/\/rheumazentrum-mittelhessen.de\/el_el\/wp-json\/wp\/v2\/posts\/7923\/revisions\/9856"}],"wp:featuredmedia":[{"embeddable":true,"href":"https:\/\/rheumazentrum-mittelhessen.de\/el_el\/wp-json\/wp\/v2\/media\/7925"}],"wp:attachment":[{"href":"https:\/\/rheumazentrum-mittelhessen.de\/el_el\/wp-json\/wp\/v2\/media?parent=7923"}],"wp:term":[{"taxonomy":"category","embeddable":true,"href":"https:\/\/rheumazentrum-mittelhessen.de\/el_el\/wp-json\/wp\/v2\/categories?post=7923"},{"taxonomy":"post_tag","embeddable":true,"href":"https:\/\/rheumazentrum-mittelhessen.de\/el_el\/wp-json\/wp\/v2\/tags?post=7923"}],"curies":[{"name":"wp","href":"https:\/\/api.w.org\/{rel}","templated":true}]}}