{"id":7454,"date":"2022-01-28T09:31:08","date_gmt":"2022-01-28T08:31:08","guid":{"rendered":"https:\/\/rheumazentrum-mittelhessen.de\/kaelte-und-rheuma-bewegung-als-schmerzmittel-copy\/"},"modified":"2024-01-09T16:34:14","modified_gmt":"2024-01-09T15:34:14","slug":"mit-vitamin-d-rheumatische-symptome-lindern","status":"publish","type":"post","link":"https:\/\/rheumazentrum-mittelhessen.de\/el_el\/mit-vitamin-d-rheumatische-symptome-lindern\/","title":{"rendered":"Mit Vitamin D rheumatische Symptome lindern"},"content":{"rendered":"<p>Besonders in den dunklen Wintermonaten betrifft es den Gro\u00dfteil der Menschen in Deutschland. Und Patienten mit entz\u00fcndlich-rheumatischen Krankheiten sind allgemein h\u00e4ufig unterversorgt und weisen oft einen klinisch relevanten Mangel auf. Die Rede ist vom \u00bbSonnenhormon\u00ab Vitamin D.<\/p>\n<p>Eine ausreichende Vitamin-D-Versorgung wirkt sich grunds\u00e4tzlich positiv auf die Knochen- und Muskelgesundheit aus, st\u00e4rkt das Immunsystem und sch\u00fctzt vor Herz-Kreislauf-Erkrankungen. Unser K\u00f6rper kann das Hormon durch Sonneneinstrahlung direkt auf die Haut selbst produzieren. \u00dcber die Nahrung lassen sich jedoch nur kleine Mengen Vitamin D aufnehmen, sodass der Bedarf im Winter nicht gedeckt werden kann. Ein Mangel an Vitamin D ist oft nicht eindeutig zu sp\u00fcren, sondern kommt eher schleichend daher: Ein geschw\u00e4chtes Immunsystem, schwache Muskeln, por\u00f6se Knochen oder eine depressive Verstimmung k\u00f6nnen Folgen eines Mangels sein.<\/p>\n<p>Besonders Patienten mit Rheumatoider Arthritis, Osteoporose oder Fibromyalgie sind h\u00e4ufig von einem niedrigen Vitamin-D-Spiegel betroffen und teilweise massiv unterversorgt. Neueste Studien geben Hinweise darauf, dass sowohl Krankheitsaktivit\u00e4t als auch die Schmerzen durch ausreichende Mengen an Vitamin D positiv beeinflusst werden k\u00f6nnen. Forscher vermuten sogar entz\u00fcndungshemmende Effekte hinter dem Sonnenhormon. Es lohnt sich also, den eigenen Vitamin-D-Spiegel durch einen Facharzt via Bluttest messen zu lassen. Sind Sie von einem Mangel betroffen, k\u00f6nnen rheumatische Symptome wie Schmerzen, Beweglichkeit und ausgepr\u00e4gte Ersch\u00f6pfung m\u00f6glicherweise durch eine Vitamin-D-Supplementierung gelindert werden.<\/p>\n<p>Wichtig: Sprechen Sie vorher unbedingt mit einem Arzt, ob Vitamin-D-Pr\u00e4parate f\u00fcr Sie sinnvoll sind und welche Dosierung f\u00fcr Sie infrage kommt. Im Rheumazentrum Mittelhessen helfen wir Ihnen gern weiter und stehen f\u00fcr alle Fragen rund um das Thema Vitamin D und Rheuma zur Verf\u00fcgung.<\/p>","protected":false},"excerpt":{"rendered":"<p>Besonders in den dunklen Wintermonaten betrifft es den Gro\u00dfteil der Menschen in Deutschland. Und Patienten mit entz\u00fcndlich-rheumatischen Krankheiten sind allgemein h\u00e4ufig unterversorgt und weisen oft einen klinisch relevanten Mangel auf. Die Rede ist vom \u00bbSonnenhormon\u00ab Vitamin D. <\/p>","protected":false},"author":7,"featured_media":7456,"comment_status":"closed","ping_status":"closed","sticky":false,"template":"","format":"standard","meta":{"_acf_changed":false,"footnotes":""},"categories":[2193],"tags":[],"class_list":["post-7454","post","type-post","status-publish","format-standard","has-post-thumbnail","hentry","category-hilfestellung"],"acf":[],"_links":{"self":[{"href":"https:\/\/rheumazentrum-mittelhessen.de\/el_el\/wp-json\/wp\/v2\/posts\/7454","targetHints":{"allow":["GET"]}}],"collection":[{"href":"https:\/\/rheumazentrum-mittelhessen.de\/el_el\/wp-json\/wp\/v2\/posts"}],"about":[{"href":"https:\/\/rheumazentrum-mittelhessen.de\/el_el\/wp-json\/wp\/v2\/types\/post"}],"author":[{"embeddable":true,"href":"https:\/\/rheumazentrum-mittelhessen.de\/el_el\/wp-json\/wp\/v2\/users\/7"}],"replies":[{"embeddable":true,"href":"https:\/\/rheumazentrum-mittelhessen.de\/el_el\/wp-json\/wp\/v2\/comments?post=7454"}],"version-history":[{"count":3,"href":"https:\/\/rheumazentrum-mittelhessen.de\/el_el\/wp-json\/wp\/v2\/posts\/7454\/revisions"}],"predecessor-version":[{"id":9930,"href":"https:\/\/rheumazentrum-mittelhessen.de\/el_el\/wp-json\/wp\/v2\/posts\/7454\/revisions\/9930"}],"wp:featuredmedia":[{"embeddable":true,"href":"https:\/\/rheumazentrum-mittelhessen.de\/el_el\/wp-json\/wp\/v2\/media\/7456"}],"wp:attachment":[{"href":"https:\/\/rheumazentrum-mittelhessen.de\/el_el\/wp-json\/wp\/v2\/media?parent=7454"}],"wp:term":[{"taxonomy":"category","embeddable":true,"href":"https:\/\/rheumazentrum-mittelhessen.de\/el_el\/wp-json\/wp\/v2\/categories?post=7454"},{"taxonomy":"post_tag","embeddable":true,"href":"https:\/\/rheumazentrum-mittelhessen.de\/el_el\/wp-json\/wp\/v2\/tags?post=7454"}],"curies":[{"name":"wp","href":"https:\/\/api.w.org\/{rel}","templated":true}]}}