{"id":7395,"date":"2021-12-20T12:39:03","date_gmt":"2021-12-20T11:39:03","guid":{"rendered":"https:\/\/rheumazentrum-mittelhessen.de\/besser-schlafen-praktische-tipps-zur-schlafhygiene-copy\/"},"modified":"2024-01-09T16:41:35","modified_gmt":"2024-01-09T15:41:35","slug":"weihnachtsgruesse-2021","status":"publish","type":"post","link":"https:\/\/rheumazentrum-mittelhessen.de\/el_el\/weihnachtsgruesse-2021\/","title":{"rendered":"Weihnachtsgr\u00fc\u00dfe vom Rheumazentrum Mittelhessen"},"content":{"rendered":"<p>&nbsp;<\/p>\n<p style=\"text-align: center;\"><em>\u201eEs geh\u00f6rt nichts dazu, zu reisen, neue Orte zu sehen, schwieriger ist es, <\/em><\/p>\n<p style=\"text-align: center;\"><em>jeden Tag dieselbe Strecke zu gehen, dieselben Orte zu sehen, auf eine neue Weise,<\/em><\/p>\n<p style=\"text-align: center;\"><em>vielleicht, aber dennoch, dieselben Stra\u00dfen, dieselben H\u00e4user, um einen neuen<\/em><\/p>\n<p style=\"text-align: center;\"><em>Gedanken zu finden, eine ganz neue Art, derselbe zu sein.\u201c<\/em><\/p>\n<p style=\"text-align: center;\">Tomas Espedal (norwegischer Autor und Hochschullehrer)<\/p>\n<p>&nbsp;<\/p>\n<p style=\"text-align: center;\"><strong><em>\u00a0<\/em><\/strong><\/p>\n<p style=\"text-align: center;\">Der Winter ist da, das Jahr neigt sich dem Ende zu.<\/p>\n<p style=\"text-align: center;\">Wir blicken zur\u00fcck auf die vergangene Zeit und stellen fest,<\/p>\n<p style=\"text-align: center;\">dass wir wieder gro\u00dfe und gute Gr\u00fcnde haben, dankbar zu sein.<\/p>\n<p style=\"text-align: center;\">\u00a0<\/p>\n<p style=\"text-align: center;\">Denn auch in diesem Jahr haben wir alles gegeben, haben St\u00e4rke bewiesen<\/p>\n<p style=\"text-align: center;\">und haben gemeinsam alle H\u00fcrden \u00fcberwinden k\u00f6nnen.<\/p>\n<p style=\"text-align: center;\">\u00a0<\/p>\n<p style=\"text-align: center;\">Daf\u00fcr sagen wir Danke!<\/p>\n<p style=\"text-align: center;\">\u00a0<\/p>\n<p style=\"text-align: center;\">Danke an <strong>unsere Mitarbeiter*innen<\/strong> und <strong>unser Therapie-Team<\/strong><\/p>\n<p style=\"text-align: center;\">f\u00fcr euren unerm\u00fcdlichen Einsatz.<\/p>\n<p style=\"text-align: center;\">Danke an <strong>unsere Patient*innen <\/strong>f\u00fcr das uns entgegengebrachte Vertrauen.<\/p>\n<p style=\"text-align: center;\">Danke an <strong>unsere Kooperationspartner<\/strong> f\u00fcr die wertvolle Unterst\u00fctzung.<\/p>\n<p style=\"text-align: center;\">\u00a0<\/p>\n<p style=\"text-align: center;\">Nun ist es an der Zeit, Stille, Ruhe und Gelassenheit einkehren zu lassen.<\/p>\n<p style=\"text-align: center;\">Und aus der Entschleunigung wieder neue Kraft,<\/p>\n<p style=\"text-align: center;\">Hoffnung und Zuversicht zu sch\u00f6pfen.<\/p>\n<p style=\"text-align: center;\">\u00a0<\/p>\n<p style=\"text-align: center;\">In diesem Sinne w\u00fcnscht das Rheumazentrum Mittelhessen Ihnen allen<\/p>\n<p style=\"text-align: center;\">besinnliche Feiertage und einen guten Start in ein gesundes<\/p>\n<p style=\"text-align: center;\">und freundlicheres neues Jahr.<\/p>\n<p style=\"text-align: center;\">\u00a0<\/p>\n<p style=\"text-align: center;\">Ihr Rheumazentrum Mittelhessen<\/p>","protected":false},"excerpt":{"rendered":"<p>Der Winter ist da, das Jahr neigt sich dem Ende zu. Wir blicken zur\u00fcck auf die vergangene Zeit und stellen fest, dass wir wieder gro\u00dfe und gute Gr\u00fcnde haben, dankbar zu sein!<\/p>","protected":false},"author":7,"featured_media":7396,"comment_status":"closed","ping_status":"closed","sticky":false,"template":"","format":"standard","meta":{"_acf_changed":false,"footnotes":""},"categories":[2200],"tags":[],"class_list":["post-7395","post","type-post","status-publish","format-standard","has-post-thumbnail","hentry","category-rheumazentrum-mittelhessen"],"acf":[],"_links":{"self":[{"href":"https:\/\/rheumazentrum-mittelhessen.de\/el_el\/wp-json\/wp\/v2\/posts\/7395","targetHints":{"allow":["GET"]}}],"collection":[{"href":"https:\/\/rheumazentrum-mittelhessen.de\/el_el\/wp-json\/wp\/v2\/posts"}],"about":[{"href":"https:\/\/rheumazentrum-mittelhessen.de\/el_el\/wp-json\/wp\/v2\/types\/post"}],"author":[{"embeddable":true,"href":"https:\/\/rheumazentrum-mittelhessen.de\/el_el\/wp-json\/wp\/v2\/users\/7"}],"replies":[{"embeddable":true,"href":"https:\/\/rheumazentrum-mittelhessen.de\/el_el\/wp-json\/wp\/v2\/comments?post=7395"}],"version-history":[{"count":4,"href":"https:\/\/rheumazentrum-mittelhessen.de\/el_el\/wp-json\/wp\/v2\/posts\/7395\/revisions"}],"predecessor-version":[{"id":9939,"href":"https:\/\/rheumazentrum-mittelhessen.de\/el_el\/wp-json\/wp\/v2\/posts\/7395\/revisions\/9939"}],"wp:featuredmedia":[{"embeddable":true,"href":"https:\/\/rheumazentrum-mittelhessen.de\/el_el\/wp-json\/wp\/v2\/media\/7396"}],"wp:attachment":[{"href":"https:\/\/rheumazentrum-mittelhessen.de\/el_el\/wp-json\/wp\/v2\/media?parent=7395"}],"wp:term":[{"taxonomy":"category","embeddable":true,"href":"https:\/\/rheumazentrum-mittelhessen.de\/el_el\/wp-json\/wp\/v2\/categories?post=7395"},{"taxonomy":"post_tag","embeddable":true,"href":"https:\/\/rheumazentrum-mittelhessen.de\/el_el\/wp-json\/wp\/v2\/tags?post=7395"}],"curies":[{"name":"wp","href":"https:\/\/api.w.org\/{rel}","templated":true}]}}