{"id":7090,"date":"2020-10-26T11:27:14","date_gmt":"2020-10-26T10:27:14","guid":{"rendered":"https:\/\/rheumazentrum-mittelhessen.de\/mehr-lebensqualitaet-im-alltag-dank-umfassender-nachsorge-in-unserer-rehaklinik-copy\/"},"modified":"2024-01-09T19:29:06","modified_gmt":"2024-01-09T18:29:06","slug":"der-rheuma-podcast-mit-experten-vom-rheumazentrum-mittelhessen","status":"publish","type":"post","link":"https:\/\/rheumazentrum-mittelhessen.de\/el_el\/der-rheuma-podcast-mit-experten-vom-rheumazentrum-mittelhessen\/","title":{"rendered":"Der \u00bbRheuma-Podcast\u00ab mit Experten vom Rheumazentrum Mittelhessen"},"content":{"rendered":"<p>Die <strong><a href=\"https:\/\/www.rheuma-liga.de\/\">Deutsche Rheuma-Liga<\/a><\/strong> feiert in diesem Jahr ihr 50-j\u00e4hriges Bestehen \u2013 und produziert im Jubil\u00e4umsjahr regelm\u00e4\u00dfig spannende Podcasts zum Thema Rheuma. Die Sendungen kl\u00e4ren auf, geben Tipps zum Leben mit rheumatischen Erkrankungen oder stellen Neuigkeiten und Projekte der Rheumaforschung vor.<\/p>\n<p>Gleich zwei Experten vom Rheumazentrum Mittelhessen sind Teil der 14. Folge des \u00bbRheuma-Podcasts\u00ab, der dieses Mal vom Rheuma-Liga Landesverband Hessen erstellt wird. Unter dem Thema \u00bbRheuma hat viele Gesichter\u00ab stellen Kathrin Storck-M\u00fcller, Leiterin des Rheumazentrums Mittelhessen, und Heinz-Otto Junker, Leiter der therapeutischen Abteilung, ihr fachliches Know-how zur Verf\u00fcgung.<\/p>\n<p>Wie wichtig ist Bewegung bei rheumatischen Erkrankungen? Und wie wird im Rheumazentrum Mittelhessen eine bedarfsgerechte und vor allem zielgerichtete Therapie f\u00fcr Betroffene entwickelt? In knapp 15 Minuten werden diese und weitere bewegende Fragen f\u00fcr die Zuh\u00f6rer beantwortet.<\/p>\n<p>Der Podcast erscheint p\u00fcnktlich zum Welt-Rheuma-Tag, der in diesem Jahr nicht wie gewohnt als gro\u00dfe Veranstaltung der Deutschen Rheuma-Liga mit Vortr\u00e4gen, \u00dcbungen und pers\u00f6nlichen Gespr\u00e4chen stattfinden kann. Das Gespr\u00e4ch mit den Spezialisten vom Rheumazentrum Mittelhessen ist daher ein wertvoller Beitrag in diesen dynamischen Zeiten und unterst\u00fctzt alle Betroffenen und Interessierten mit anschaulichem und interessantem Input. Kommen Sie mit uns und erleben Sie die vielen Gesichter von Rheuma.<\/p>\n<p><strong><a href=\"https:\/\/www.rheuma-liga.de\/infothek\/rheuma-podcast\">Hier geht\u2019s zum Podcast<\/a> <\/strong>\u2013 wir w\u00fcnschen viel Spa\u00df beim H\u00f6ren!<\/p>","protected":false},"excerpt":{"rendered":"<p>Gleich zwei Experten vom Rheumazentrum Mittelhessen sind Teil des \u00bbRheuma-Podcasts\u00ab der Deutschen Rheuma Liga. Unter dem Thema \u00bbRheuma hat viele Gesichter\u00ab stellen Kathrin Storck-M\u00fcller, Leiterin des Rheumazentrums Mittelhessen, und Heinz-Otto Junker, Leiter der therapeutischen Abteilung, ihr fachliches Know-how zur Verf\u00fcgung.<\/p>","protected":false},"author":7,"featured_media":7091,"comment_status":"closed","ping_status":"closed","sticky":false,"template":"","format":"standard","meta":{"_acf_changed":false,"footnotes":""},"categories":[2200],"tags":[],"class_list":["post-7090","post","type-post","status-publish","format-standard","has-post-thumbnail","hentry","category-rheumazentrum-mittelhessen"],"acf":[],"_links":{"self":[{"href":"https:\/\/rheumazentrum-mittelhessen.de\/el_el\/wp-json\/wp\/v2\/posts\/7090","targetHints":{"allow":["GET"]}}],"collection":[{"href":"https:\/\/rheumazentrum-mittelhessen.de\/el_el\/wp-json\/wp\/v2\/posts"}],"about":[{"href":"https:\/\/rheumazentrum-mittelhessen.de\/el_el\/wp-json\/wp\/v2\/types\/post"}],"author":[{"embeddable":true,"href":"https:\/\/rheumazentrum-mittelhessen.de\/el_el\/wp-json\/wp\/v2\/users\/7"}],"replies":[{"embeddable":true,"href":"https:\/\/rheumazentrum-mittelhessen.de\/el_el\/wp-json\/wp\/v2\/comments?post=7090"}],"version-history":[{"count":7,"href":"https:\/\/rheumazentrum-mittelhessen.de\/el_el\/wp-json\/wp\/v2\/posts\/7090\/revisions"}],"predecessor-version":[{"id":10025,"href":"https:\/\/rheumazentrum-mittelhessen.de\/el_el\/wp-json\/wp\/v2\/posts\/7090\/revisions\/10025"}],"wp:featuredmedia":[{"embeddable":true,"href":"https:\/\/rheumazentrum-mittelhessen.de\/el_el\/wp-json\/wp\/v2\/media\/7091"}],"wp:attachment":[{"href":"https:\/\/rheumazentrum-mittelhessen.de\/el_el\/wp-json\/wp\/v2\/media?parent=7090"}],"wp:term":[{"taxonomy":"category","embeddable":true,"href":"https:\/\/rheumazentrum-mittelhessen.de\/el_el\/wp-json\/wp\/v2\/categories?post=7090"},{"taxonomy":"post_tag","embeddable":true,"href":"https:\/\/rheumazentrum-mittelhessen.de\/el_el\/wp-json\/wp\/v2\/tags?post=7090"}],"curies":[{"name":"wp","href":"https:\/\/api.w.org\/{rel}","templated":true}]}}