{"id":6746,"date":"2019-12-19T09:30:27","date_gmt":"2019-12-19T08:30:27","guid":{"rendered":"https:\/\/rheumazentrum-mittelhessen.de\/winterminestrone-ein-italienischer-klassiker-mit-saisonalem-gemuese-copy-copy\/"},"modified":"2024-01-10T13:07:30","modified_gmt":"2024-01-10T12:07:30","slug":"weihnachtsgruesse-2019","status":"publish","type":"post","link":"https:\/\/rheumazentrum-mittelhessen.de\/el_el\/weihnachtsgruesse-2019\/","title":{"rendered":"Weihnachtsgr\u00fc\u00dfe vom Rheumazentrum Mittelhessen"},"content":{"rendered":"<p style=\"text-align: left;\"><strong><em>Bricht der erste Morgen des neuen Jahres an,<\/em><\/strong><\/p>\n<p style=\"text-align: left;\"><strong><em>so erscheint der Himmel nicht anders als am Tag zuvor,<\/em><\/strong><\/p>\n<p style=\"text-align: left;\"><strong><em>aber doch ist einem seltsam frisch zu Mute.<\/em><\/strong><\/p>\n<p style=\"text-align: left;\">Yoshida Kenko (1283 -1350, japanischer Dichter und M\u00f6nch)<\/p>\n<p>&nbsp;<\/p>\n<p style=\"text-align: left;\">In diesem Sinne m\u00f6chten wir uns ganz herzlich f\u00fcr ein sch\u00f6nes Jahr bedanken.<\/p>\n<p style=\"text-align: left;\">Wir blicken auf tolle Ereignisse zur\u00fcck \u2014 Konzerte, Vortr\u00e4ge, Workshops<\/p>\n<p style=\"text-align: left;\">und gemeinsame Aktionen hier in unserem Rheumazentrum Mittelhessen.<\/p>\n<p style=\"text-align: left;\">Daf\u00fcr sagen wir Danke!<\/p>\n<p style=\"text-align: left;\">Danke an alle Mitarbeiterinnen und Mitarbeiter<\/p>\n<p style=\"text-align: left;\">und auch an alle Patientinnen und Patienten,<\/p>\n<p style=\"text-align: left;\">die solche besonderen Momente erm\u00f6glicht und mitgestaltet haben.<\/p>\n<p style=\"text-align: left;\">Wir vom Rheumazentrum Mittelhessen w\u00fcnschen Ihnen und Ihren Familien frohe Weihnachten,<\/p>\n<p style=\"text-align: left;\">sch\u00f6ne Feiertage und einen guten Start in das neue Jahr.<\/p>\n<p style=\"text-align: left;\"><strong>Ihr Rheumazentrum Mittelhessen<\/strong><u><\/u><\/p>","protected":false},"excerpt":{"rendered":"<p>Wir m\u00f6chten uns ganz herzlich f\u00fcr ein sch\u00f6nes Jahr bedanken!<br \/>\nWir blicken auf tolle Ereignisse zur\u00fcck \u2014 Konzerte, Vortr\u00e4ge, Workshops und gemeinsame Aktionen hier in unserem Rheumazentrum Mittelhessen.<\/p>","protected":false},"author":7,"featured_media":6749,"comment_status":"closed","ping_status":"closed","sticky":false,"template":"","format":"standard","meta":{"_acf_changed":false,"footnotes":""},"categories":[2200],"tags":[],"class_list":["post-6746","post","type-post","status-publish","format-standard","has-post-thumbnail","hentry","category-rheumazentrum-mittelhessen"],"acf":[],"_links":{"self":[{"href":"https:\/\/rheumazentrum-mittelhessen.de\/el_el\/wp-json\/wp\/v2\/posts\/6746","targetHints":{"allow":["GET"]}}],"collection":[{"href":"https:\/\/rheumazentrum-mittelhessen.de\/el_el\/wp-json\/wp\/v2\/posts"}],"about":[{"href":"https:\/\/rheumazentrum-mittelhessen.de\/el_el\/wp-json\/wp\/v2\/types\/post"}],"author":[{"embeddable":true,"href":"https:\/\/rheumazentrum-mittelhessen.de\/el_el\/wp-json\/wp\/v2\/users\/7"}],"replies":[{"embeddable":true,"href":"https:\/\/rheumazentrum-mittelhessen.de\/el_el\/wp-json\/wp\/v2\/comments?post=6746"}],"version-history":[{"count":6,"href":"https:\/\/rheumazentrum-mittelhessen.de\/el_el\/wp-json\/wp\/v2\/posts\/6746\/revisions"}],"predecessor-version":[{"id":10081,"href":"https:\/\/rheumazentrum-mittelhessen.de\/el_el\/wp-json\/wp\/v2\/posts\/6746\/revisions\/10081"}],"wp:featuredmedia":[{"embeddable":true,"href":"https:\/\/rheumazentrum-mittelhessen.de\/el_el\/wp-json\/wp\/v2\/media\/6749"}],"wp:attachment":[{"href":"https:\/\/rheumazentrum-mittelhessen.de\/el_el\/wp-json\/wp\/v2\/media?parent=6746"}],"wp:term":[{"taxonomy":"category","embeddable":true,"href":"https:\/\/rheumazentrum-mittelhessen.de\/el_el\/wp-json\/wp\/v2\/categories?post=6746"},{"taxonomy":"post_tag","embeddable":true,"href":"https:\/\/rheumazentrum-mittelhessen.de\/el_el\/wp-json\/wp\/v2\/tags?post=6746"}],"curies":[{"name":"wp","href":"https:\/\/api.w.org\/{rel}","templated":true}]}}