{"id":6654,"date":"2019-10-03T16:36:40","date_gmt":"2019-10-03T14:36:40","guid":{"rendered":"https:\/\/rheumazentrum-mittelhessen.de\/?p=6654"},"modified":"2024-01-10T13:18:31","modified_gmt":"2024-01-10T12:18:31","slug":"welt-rheuma-tag-2019","status":"publish","type":"post","link":"https:\/\/rheumazentrum-mittelhessen.de\/el_el\/welt-rheuma-tag-2019\/","title":{"rendered":"Welt-Rheuma-Tag 2019"},"content":{"rendered":"<p><strong>Wir laden Sie herzlich ein zu unserem Aktionstag am Welt-Rheuma-Tag! Am 12. Oktober warten spannende Vortr\u00e4ge auf Sie \u2013 wir freuen uns!<\/strong><\/p>\n<p>Am 12. Oktober 2019 ist Welt-Rheuma-Tag! 1996 ins Leben gerufen, wird das Thema Rheuma an diesem Tag weltweit in das Bewusstsein der \u00d6ffentlichkeit ger\u00fcckt.<\/p>\n<p>Wir m\u00f6chten Sie am Welt-Rheuma-Tag herzlich zu unserem Aktionstag einladen. In unseren Vortr\u00e4gen und Workshops informieren wir Betroffene und Angeh\u00f6rige \u00fcber das Krankheitsbild sowie \u00fcber Therapiem\u00f6glichkeiten.<\/p>\n<p>Dieses Jahr lautet das Motto \u00bbRheuma ist j\u00fcnger als du denkst\u00ab und soll rheumakranke Jugendliche und junge Erwachsene in den Fokus r\u00fccken \u2013 denn f\u00fcr junge Menschen, die ihr ganzes Leben noch vor sich haben, ist der richtige Umgang mit der chronischen Erkrankung besonders wichtig. Rheuma und Familie, Sport, Reisen oder Ern\u00e4hrung sind spannende Themen, die am 12.10. ab 11 Uhr auf Sie warten. Wir zeigen Ihnen, wie Sie trotz rheumatischer Erkrankung durchstarten k\u00f6nnen!<\/p>","protected":false},"excerpt":{"rendered":"<p>Wir laden Sie herzlich ein zu unserem Aktionstag am Welt-Rheuma-Tag!<br \/>\n<br \/>Am 12. Oktober warten spannende Vortr\u00e4ge auf Sie \u2013 wir freuen uns!<\/p>","protected":false},"author":7,"featured_media":6648,"comment_status":"closed","ping_status":"closed","sticky":false,"template":"","format":"standard","meta":{"_acf_changed":false,"footnotes":""},"categories":[2191],"tags":[],"class_list":["post-6654","post","type-post","status-publish","format-standard","has-post-thumbnail","hentry","category-veranstaltung"],"acf":[],"_links":{"self":[{"href":"https:\/\/rheumazentrum-mittelhessen.de\/el_el\/wp-json\/wp\/v2\/posts\/6654","targetHints":{"allow":["GET"]}}],"collection":[{"href":"https:\/\/rheumazentrum-mittelhessen.de\/el_el\/wp-json\/wp\/v2\/posts"}],"about":[{"href":"https:\/\/rheumazentrum-mittelhessen.de\/el_el\/wp-json\/wp\/v2\/types\/post"}],"author":[{"embeddable":true,"href":"https:\/\/rheumazentrum-mittelhessen.de\/el_el\/wp-json\/wp\/v2\/users\/7"}],"replies":[{"embeddable":true,"href":"https:\/\/rheumazentrum-mittelhessen.de\/el_el\/wp-json\/wp\/v2\/comments?post=6654"}],"version-history":[{"count":3,"href":"https:\/\/rheumazentrum-mittelhessen.de\/el_el\/wp-json\/wp\/v2\/posts\/6654\/revisions"}],"predecessor-version":[{"id":10091,"href":"https:\/\/rheumazentrum-mittelhessen.de\/el_el\/wp-json\/wp\/v2\/posts\/6654\/revisions\/10091"}],"wp:featuredmedia":[{"embeddable":true,"href":"https:\/\/rheumazentrum-mittelhessen.de\/el_el\/wp-json\/wp\/v2\/media\/6648"}],"wp:attachment":[{"href":"https:\/\/rheumazentrum-mittelhessen.de\/el_el\/wp-json\/wp\/v2\/media?parent=6654"}],"wp:term":[{"taxonomy":"category","embeddable":true,"href":"https:\/\/rheumazentrum-mittelhessen.de\/el_el\/wp-json\/wp\/v2\/categories?post=6654"},{"taxonomy":"post_tag","embeddable":true,"href":"https:\/\/rheumazentrum-mittelhessen.de\/el_el\/wp-json\/wp\/v2\/tags?post=6654"}],"curies":[{"name":"wp","href":"https:\/\/api.w.org\/{rel}","templated":true}]}}