{"id":4249,"date":"2017-12-01T15:00:59","date_gmt":"2017-12-01T15:00:59","guid":{"rendered":"https:\/\/rheumazentrum-mittelhessen.de\/?p=4249"},"modified":"2024-01-10T14:20:28","modified_gmt":"2024-01-10T13:20:28","slug":"news-2-3","status":"publish","type":"post","link":"https:\/\/rheumazentrum-mittelhessen.de\/el_el\/news-2-3\/","title":{"rendered":"Einweihung und Neubau-Er\u00f6ffnung finden am 15. Dezember statt"},"content":{"rendered":"<p>Am kommenden Freitag wird der Klinikneubau eingeweiht und offiziell in Betrieb genommen. Nach nur zwei Jahren Bauzeit ist das 59 Meter lange, 35 Meter breite und 20 Meter hohe, f\u00fcnfgeschossige Geb\u00e4ude bereit f\u00fcr die Aufnahme des Klinikbetriebes.<\/p>\n<p>Zur Einweihung werden am Vormittag geladene G\u00e4ste durch die neuen R\u00e4umlichkeiten gef\u00fchrt, am Nachmittag sind auch interessierte B\u00fcrger zur Begehung eingeladen. F\u00fchrungen werden zwischen 15 Uhr und 17 Uhr angeboten.<\/p>","protected":false},"excerpt":{"rendered":"<p>Am kommenden Freitag wird der Klinikneubau eingeweiht und offiziell in Betrieb genommen. Nach nur zwei Jahren Bauzeit ist das 59 Meter lange, 35 Meter breite und 20 Meter hohe, f\u00fcnfgeschossige Geb\u00e4ude bereit f\u00fcr die Aufnahme des Klinikbetriebes. Zur Einweihung werden am Vormittag geladene G\u00e4ste durch<\/p>","protected":false},"author":7,"featured_media":6185,"comment_status":"closed","ping_status":"closed","sticky":false,"template":"","format":"standard","meta":{"_acf_changed":false,"footnotes":""},"categories":[2191],"tags":[],"class_list":["post-4249","post","type-post","status-publish","format-standard","has-post-thumbnail","hentry","category-veranstaltung"],"acf":[],"_links":{"self":[{"href":"https:\/\/rheumazentrum-mittelhessen.de\/el_el\/wp-json\/wp\/v2\/posts\/4249","targetHints":{"allow":["GET"]}}],"collection":[{"href":"https:\/\/rheumazentrum-mittelhessen.de\/el_el\/wp-json\/wp\/v2\/posts"}],"about":[{"href":"https:\/\/rheumazentrum-mittelhessen.de\/el_el\/wp-json\/wp\/v2\/types\/post"}],"author":[{"embeddable":true,"href":"https:\/\/rheumazentrum-mittelhessen.de\/el_el\/wp-json\/wp\/v2\/users\/7"}],"replies":[{"embeddable":true,"href":"https:\/\/rheumazentrum-mittelhessen.de\/el_el\/wp-json\/wp\/v2\/comments?post=4249"}],"version-history":[{"count":2,"href":"https:\/\/rheumazentrum-mittelhessen.de\/el_el\/wp-json\/wp\/v2\/posts\/4249\/revisions"}],"predecessor-version":[{"id":10131,"href":"https:\/\/rheumazentrum-mittelhessen.de\/el_el\/wp-json\/wp\/v2\/posts\/4249\/revisions\/10131"}],"wp:featuredmedia":[{"embeddable":true,"href":"https:\/\/rheumazentrum-mittelhessen.de\/el_el\/wp-json\/wp\/v2\/media\/6185"}],"wp:attachment":[{"href":"https:\/\/rheumazentrum-mittelhessen.de\/el_el\/wp-json\/wp\/v2\/media?parent=4249"}],"wp:term":[{"taxonomy":"category","embeddable":true,"href":"https:\/\/rheumazentrum-mittelhessen.de\/el_el\/wp-json\/wp\/v2\/categories?post=4249"},{"taxonomy":"post_tag","embeddable":true,"href":"https:\/\/rheumazentrum-mittelhessen.de\/el_el\/wp-json\/wp\/v2\/tags?post=4249"}],"curies":[{"name":"wp","href":"https:\/\/api.w.org\/{rel}","templated":true}]}}