{"id":10826,"date":"2023-12-21T12:57:39","date_gmt":"2023-12-21T11:57:39","guid":{"rendered":"https:\/\/rheumazentrum-mittelhessen.de\/?p=10826"},"modified":"2024-05-27T11:45:31","modified_gmt":"2024-05-27T09:45:31","slug":"weihnachtsgruesse-vom-rheumazentrum-mittelhessen","status":"publish","type":"post","link":"https:\/\/rheumazentrum-mittelhessen.de\/el_el\/weihnachtsgruesse-vom-rheumazentrum-mittelhessen\/","title":{"rendered":"Weihnachtsgr\u00fc\u00dfe vom Rheumazentrum Mittelhessen"},"content":{"rendered":"<p>&nbsp;<\/p>\n<p style=\"text-align: center;\"><em>\u00bbDa es sehr f\u00f6rderlich f\u00fcr die Gesundheit ist, habe ich beschlossen, gl\u00fccklich zu sein.\u201c<\/em><\/p>\n<p style=\"text-align: center;\">Voltaire (Fran\u00e7ois-Marie Arouet)<\/p>\n<p style=\"text-align: center;\"><strong><em>\u00a0<\/em><\/strong><\/p>\n<p style=\"text-align: center;\">Wir d\u00fcrfen uns bewusst f\u00fcr Gl\u00fcck und Optimismus entscheiden<\/p>\n<p style=\"text-align: center;\">und die Kraft der positiven Einstellung f\u00fcr unser Leben nutzen.<\/p>\n<p style=\"text-align: center;\">Indem wir uns aktiv der Freude und Zufriedenheit zuwenden,<\/p>\n<p style=\"text-align: center;\">schaffen wir innere Balance und Harmonie,<\/p>\n<p style=\"text-align: center;\">st\u00e4rken unseren Geist und unseren K\u00f6rper \u2013<\/p>\n<p style=\"text-align: center;\">und f\u00f6rdern damit unser gesamtes Wohlbefinden.<\/p>\n<p style=\"text-align: center;\">Wir bedanken uns ganz herzlich bei unseren Mitarbeiter*innen f\u00fcr ihre Hingabe,<\/p>\n<p style=\"text-align: center;\">bei unseren Kooperationspartnern f\u00fcr ihre Unterst\u00fctzung<\/p>\n<p style=\"text-align: center;\">und bei unseren Patient*innen f\u00fcr ihr Vertrauen und ihre Zuversicht.<\/p>\n<p style=\"text-align: center;\">In diesem Sinne w\u00fcnscht Ihnen das Rheumazentrum Mittelhessen<\/p>\n<p style=\"text-align: center;\">sch\u00f6ne und besinnliche Feiertage<\/p>\n<p style=\"text-align: center;\">und einen guten Start in ein neues Jahr 2024.<\/p>\n<p style=\"text-align: center;\">Ihr Rheumazentrum Mittelhessen<\/p>\n<p style=\"text-align: center;\">\u00a0<\/p>","protected":false},"excerpt":{"rendered":"<p>Wir d\u00fcrfen uns bewusst f\u00fcr Gl\u00fcck und Optimismus entscheiden und die Kraft der positiven Einstellung f\u00fcr unser Leben nutzen. Hier geht&#8217;s zu unseren diesj\u00e4hrigen Weihnachtsgr\u00fc\u00dfen.<\/p>","protected":false},"author":7,"featured_media":10807,"comment_status":"closed","ping_status":"closed","sticky":false,"template":"","format":"standard","meta":{"_acf_changed":false,"footnotes":""},"categories":[2201,2200],"tags":[],"class_list":["post-10826","post","type-post","status-publish","format-standard","has-post-thumbnail","hentry","category-aktuelles","category-rheumazentrum-mittelhessen"],"acf":[],"_links":{"self":[{"href":"https:\/\/rheumazentrum-mittelhessen.de\/el_el\/wp-json\/wp\/v2\/posts\/10826","targetHints":{"allow":["GET"]}}],"collection":[{"href":"https:\/\/rheumazentrum-mittelhessen.de\/el_el\/wp-json\/wp\/v2\/posts"}],"about":[{"href":"https:\/\/rheumazentrum-mittelhessen.de\/el_el\/wp-json\/wp\/v2\/types\/post"}],"author":[{"embeddable":true,"href":"https:\/\/rheumazentrum-mittelhessen.de\/el_el\/wp-json\/wp\/v2\/users\/7"}],"replies":[{"embeddable":true,"href":"https:\/\/rheumazentrum-mittelhessen.de\/el_el\/wp-json\/wp\/v2\/comments?post=10826"}],"version-history":[{"count":2,"href":"https:\/\/rheumazentrum-mittelhessen.de\/el_el\/wp-json\/wp\/v2\/posts\/10826\/revisions"}],"predecessor-version":[{"id":10828,"href":"https:\/\/rheumazentrum-mittelhessen.de\/el_el\/wp-json\/wp\/v2\/posts\/10826\/revisions\/10828"}],"wp:featuredmedia":[{"embeddable":true,"href":"https:\/\/rheumazentrum-mittelhessen.de\/el_el\/wp-json\/wp\/v2\/media\/10807"}],"wp:attachment":[{"href":"https:\/\/rheumazentrum-mittelhessen.de\/el_el\/wp-json\/wp\/v2\/media?parent=10826"}],"wp:term":[{"taxonomy":"category","embeddable":true,"href":"https:\/\/rheumazentrum-mittelhessen.de\/el_el\/wp-json\/wp\/v2\/categories?post=10826"},{"taxonomy":"post_tag","embeddable":true,"href":"https:\/\/rheumazentrum-mittelhessen.de\/el_el\/wp-json\/wp\/v2\/tags?post=10826"}],"curies":[{"name":"wp","href":"https:\/\/api.w.org\/{rel}","templated":true}]}}